{"id":31782,"date":"2026-09-05T09:33:00","date_gmt":"2026-09-05T07:33:00","guid":{"rendered":"https:\/\/www.infini-beaute-institut-lumbres.com\/?p=31782"},"modified":"2026-08-22T09:30:09","modified_gmt":"2026-08-22T07:30:09","slug":"alisado-brasileno-o-japones","status":"publish","type":"post","link":"https:\/\/www.infini-beaute-institut-lumbres.com\/es\/news\/lissage-bresilien-ou-japonais\/","title":{"rendered":"Alisado brasile\u00f1o o japon\u00e9s: \u00bfqu\u00e9 t\u00e9cnica elegir?"},"content":{"rendered":"<p class=\"wp-block-paragraph\"><strong>Alisado brasile\u00f1o o japon\u00e9s<\/strong>, qu\u00e9 t\u00e9cnica elegir para obtener un cabello liso, brillante y f\u00e1cil de peinar? Estos dos m\u00e9todos de alisado capilar se encuentran hoy entre los servicios m\u00e1s solicitados en salones de peluquer\u00eda e institutos de belleza.<\/p>\n\n\n\n<p class=\"wp-block-paragraph\">Aunque su objetivo sea similar, estas t\u00e9cnicas funcionan de manera diferente y ofrecen resultados distintos seg\u00fan el tipo de cabello y el efecto deseado.<\/p>\n\n\n\n<p class=\"wp-block-paragraph\">En este art\u00edculo, descubriremos:<\/p>\n\n\n\n<ul class=\"wp-block-list\">\n<li>la <strong>diferencia entre el alisado brasile\u00f1o y el japon\u00e9s<\/strong><\/li>\n\n\n\n<li>los resultados obtenidos<\/li>\n\n\n\n<li>la duraci\u00f3n de cada t\u00e9cnica<\/li>\n\n\n\n<li>el mantenimiento necesario<\/li>\n\n\n\n<li>los tipos de cabello adecuados<\/li>\n<\/ul>\n\n\n\n<p class=\"wp-block-paragraph\">Tambi\u00e9n veremos por qu\u00e9 aprender estas dos t\u00e9cnicas en un <strong>formaci\u00f3n profesional de alisado<\/strong> es una verdadera ventaja para los profesionales de la peluquer\u00eda.<\/p>\n\n\n\n<hr class=\"wp-block-separator has-alpha-channel-opacity\"\/>\n\n\n\n<h2 class=\"wp-block-heading\">Qu\u00e9 es el alisado brasile\u00f1o y por qu\u00e9 controla el encrespamiento del cabello<\/h2>\n\n\n\n<p class=\"wp-block-paragraph\">Le <strong>alisado brasile\u00f1o<\/strong> es una t\u00e9cnica de alisado capilar basada en el uso de <strong>queratina<\/strong>, una prote\u00edna presente de forma natural en el cabello.<\/p>\n\n\n\n<p class=\"wp-block-paragraph\">Este m\u00e9todo consiste en aplicar un tratamiento rico en queratina en la fibra capilar para:<\/p>\n\n\n\n<ul class=\"wp-block-list\">\n<li>reparar el cabello da\u00f1ado<\/li>\n\n\n\n<li>reducir el frizz<\/li>\n\n\n\n<li>relajar los rizos<\/li>\n\n\n\n<li>aportar brillo<\/li>\n<\/ul>\n\n\n\n<p class=\"wp-block-paragraph\">A diferencia de la creencia popular, el <strong>alisado brasile\u00f1o<\/strong> no es un alisado. Act\u00faa principalmente como un <strong>cuidados profundos<\/strong> que disciplina el cabello y mejora su apariencia.<\/p>\n\n\n\n<h3 class=\"wp-block-heading\">Resultado del alisado brasile\u00f1o<\/h3>\n\n\n\n<p class=\"wp-block-paragraph\">Despu\u00e9s de <strong>alisado brasile\u00f1o profesional<\/strong>, el cabello se vuelve:<\/p>\n\n\n\n<ul class=\"wp-block-list\">\n<li>m\u00e1s flexibles<\/li>\n\n\n\n<li>m\u00e1s brillantes<\/li>\n\n\n\n<li>m\u00e1s f\u00e1ciles de peinar<\/li>\n<\/ul>\n\n\n\n<p class=\"wp-block-paragraph\">El resultado se mantiene generalmente <strong>natural<\/strong>, ya que el pelo no queda completamente liso.<\/p>\n\n\n\n<hr class=\"wp-block-separator has-alpha-channel-opacity\"\/>\n\n\n\n<h2 class=\"wp-block-heading\">Qu\u00e9 es el alisado japon\u00e9s y c\u00f3mo funciona el alisado permanente<\/h2>\n\n\n\n<p class=\"wp-block-paragraph\">Le <strong>alisado japon\u00e9s<\/strong>, tambi\u00e9n llamado <strong>alisado t\u00e9rmico<\/strong>, es una t\u00e9cnica m\u00e1s radical que modifica la estructura interna del cabello.<\/p>\n\n\n\n<p class=\"wp-block-paragraph\">Este m\u00e9todo combina:<\/p>\n\n\n\n<ul class=\"wp-block-list\">\n<li>un tratamiento qu\u00edmico<\/li>\n\n\n\n<li>un tratamiento t\u00e9rmico con una plancha alisadora<\/li>\n<\/ul>\n\n\n\n<p class=\"wp-block-paragraph\">El resultado es un <strong>pelo perfectamente liso<\/strong>, muy liso y extremadamente brillante.<\/p>\n\n\n\n<p class=\"wp-block-paragraph\">A diferencia de <strong>alisado brasile\u00f1o<\/strong>, le <strong>alisado japon\u00e9s<\/strong> act\u00faa como una transformaci\u00f3n permanente de la forma del cabello.<\/p>\n\n\n\n<hr class=\"wp-block-separator has-alpha-channel-opacity\"\/>\n\n\n\n<h2 class=\"wp-block-heading\">Diferencias principales entre alisado brasile\u00f1o y japon\u00e9s<\/h2>\n\n\n\n<p class=\"wp-block-paragraph\">La <strong>diferencia entre el alisado brasile\u00f1o y el japon\u00e9s<\/strong> se basa principalmente en su acci\u00f3n sobre la fibra capilar.<\/p>\n\n\n\n<h3 class=\"wp-block-heading\">Acci\u00f3n sobre el cabello<\/h3>\n\n\n\n<p class=\"wp-block-paragraph\"><strong>Alisado brasile\u00f1o:<\/strong> act\u00faa como un tratamiento reparador y alisador.<\/p>\n\n\n\n<p class=\"wp-block-paragraph\"><strong>Alisado japon\u00e9s<\/strong> modifica la estructura interna del cabello.<\/p>\n\n\n\n<h3 class=\"wp-block-heading\">Resultado<\/h3>\n\n\n\n<p class=\"wp-block-paragraph\"><strong>Alisado brasile\u00f1o:<\/strong> efecto natural con reducci\u00f3n del frizz.<\/p>\n\n\n\n<p class=\"wp-block-paragraph\"><strong><a href=\"https:\/\/fr.wikipedia.org\/wiki\/Lissage_japonais\">Alisado japon\u00e9s <\/a>:<\/strong> pelo totalmente liso.<\/p>\n\n\n\n<h3 class=\"wp-block-heading\">Duraci\u00f3n<\/h3>\n\n\n\n<p class=\"wp-block-paragraph\"><strong>Alisado brasile\u00f1o:<\/strong> aproximadamente de 3 a 5 meses.<\/p>\n\n\n\n<p class=\"wp-block-paragraph\"><strong>Alisado japon\u00e9s<\/strong> hasta que el cabello vuelva a crecer.<\/p>\n\n\n\n<hr class=\"wp-block-separator has-alpha-channel-opacity\"\/>\n\n\n\n<h2 class=\"wp-block-heading\">\u00bfQu\u00e9 tipos de cabello para cada t\u00e9cnica?<\/h2>\n\n\n\n<p class=\"wp-block-paragraph\">La elecci\u00f3n entre estas dos t\u00e9cnicas a menudo depende de <strong>tipo de cabello<\/strong>.<\/p>\n\n\n\n<h3 class=\"wp-block-heading\">Cabello adecuado para el alisado brasile\u00f1o<\/h3>\n\n\n\n<p class=\"wp-block-paragraph\">Le <strong>alisado brasile\u00f1o<\/strong> es especialmente adecuado para:<\/p>\n\n\n\n<ul class=\"wp-block-list\">\n<li>cabello ondulado<\/li>\n\n\n\n<li>pelo rizado<\/li>\n\n\n\n<li>cabello da\u00f1ado<\/li>\n\n\n\n<li>pelo te\u00f1ido<\/li>\n<\/ul>\n\n\n\n<p class=\"wp-block-paragraph\">Es ideal para las clientas que desean disciplinar su cabello conservando un resultado natural.<\/p>\n\n\n\n<h3 class=\"wp-block-heading\">Cabello adecuado para alisado japon\u00e9s<\/h3>\n\n\n\n<p class=\"wp-block-paragraph\">Le <strong>alisado japon\u00e9s<\/strong> est particuli\u00e8rement recommand\u00e9 pour :\nest particuli\u00e8rement recommand\u00e9 pour :<\/p>\n\n\n\n<ul class=\"wp-block-list\">\n<li>pelo muy rizado<\/li>\n\n\n\n<li>pelo grueso<\/li>\n\n\n\n<li>pelo dif\u00edcil de peinar<\/li>\n<\/ul>\n\n\n\n<p class=\"wp-block-paragraph\">Esta t\u00e9cnica es ideal para personas que desean obtener <strong>pelo perfectamente liso a diario<\/strong>.<\/p>\n\n\n\n<hr class=\"wp-block-separator has-alpha-channel-opacity\"\/>\n\n\n\n<h2 class=\"wp-block-heading\">\u00bfPor qu\u00e9 aprender las dos t\u00e9cnicas?<\/h2>\n\n\n\n<p class=\"wp-block-paragraph\">Para un profesional de la peluquer\u00eda, dominar estas dos t\u00e9cnicas representa una verdadera ventaja.<\/p>\n\n\n\n<p class=\"wp-block-paragraph\">Cada cliente tiene:<\/p>\n\n\n\n<ul class=\"wp-block-list\">\n<li>un tipo de cabello diferente<\/li>\n\n\n\n<li>expectativas diferentes<\/li>\n<\/ul>\n\n\n\n<p class=\"wp-block-paragraph\">Algunas clientas preferir\u00e1n un <strong>efecto natural con el alisado brasile\u00f1o<\/strong>, mientras que otros desear\u00e1n un <strong>Resultado ultra liso gracias al alisado japon\u00e9s<\/strong>.<\/p>\n\n\n\n<p class=\"wp-block-paragraph\">Aprender estos dos m\u00e9todos permite, por lo tanto, responder a todas las solicitudes.<\/p>\n\n\n\n<hr class=\"wp-block-separator has-alpha-channel-opacity\"\/>\n\n\n\n<h2 class=\"wp-block-heading\">Acceder a la capacitaci\u00f3n de alisado<\/h2>\n\n\n\n<p class=\"wp-block-paragraph\">Si quieres aprender estas t\u00e9cnicas y dominar el <strong>alisado brasile\u00f1o y el alisado japon\u00e9s<\/strong>, nuestra formaci\u00f3n completa te acompa\u00f1a paso a paso.<\/p>\n\n\n\n<p class=\"wp-block-paragraph\">Encontrar\u00e1:<\/p>\n\n\n\n<ul class=\"wp-block-list\">\n<li>diagn\u00f3stico capilar<\/li>\n\n\n\n<li>los protocolos profesionales de<\/h1> <strong>alisado brasile\u00f1o<\/strong><\/li>\n\n\n\n<li>las t\u00e9cnicas completas de <strong>alisado japon\u00e9s<\/strong><\/li>\n\n\n\n<li>consejos para obtener un resultado profesional<\/li>\n\n\n\n<li>los m\u00e9todos para desarrollar tu negocio<\/li>\n\n\n\n<li><\/li>\n<\/ul>\n\n\n\n<div class=\"wp-block-buttons is-layout-flex wp-block-buttons-is-layout-flex\">\n<div class=\"wp-block-button\"><a class=\"wp-block-button__link wp-element-button\" href=\"https:\/\/www.infini-beaute-institut-lumbres.com\/es\/boutique\/formaciones-a-distancia\/curso-alisado-brasileno-japones\/\">\ud83d\udc49 <strong>Haz clic aqu\u00ed para acceder a nuestra formaci\u00f3n de alisado.<\/strong> en l\u00ednea <br>\u2013 Pagar a plazos con Paypal o Klarna \u2013<\/a><\/div>\n<\/div>\n\n\n\n<hr class=\"wp-block-separator has-alpha-channel-opacity\"\/>\n\n\n\n<h2 class=\"wp-block-heading\">Preguntas frecuentes \u2013 Alisado brasile\u00f1o o japon\u00e9s<\/h2>\n\n\n\n<h3 class=\"wp-block-heading\">\u00bfCu\u00e1l es la diferencia entre el alisado brasile\u00f1o y el japon\u00e9s?<\/h3>\n\n\n\n<p class=\"wp-block-paragraph\">La principal diferencia entre <strong>alisado brasile\u00f1o (tratamiento de queratina)<\/strong> y el <strong>alisado japon\u00e9s<\/strong> reside en su acci\u00f3n sobre la fibra capilar. El alisado brasile\u00f1o act\u00faa como un tratamiento profundo enriquecido con queratina que disciplina el cabello, reduce el encrespamiento y mejora el brillo sin modificar permanentemente su estructura. Por el contrario, el alisado japon\u00e9s modifica qu\u00edmicamente la estructura interna del cabello para obtener un efecto liso permanente. La elecci\u00f3n, por lo tanto, depende del resultado deseado: natural o ultra liso.<\/p>\n\n\n\n<hr class=\"wp-block-separator has-alpha-channel-opacity\"\/>\n\n\n\n<h3 class=\"wp-block-heading\">\u00bfQu\u00e9 alisado dura m\u00e1s tiempo?<\/h3>\n\n\n\n<p class=\"wp-block-paragraph\">R: Le <strong>alisado japon\u00e9s<\/strong> es el m\u00e1s duradero, ya que act\u00faa de forma permanente sobre los largos tratados. Permanece visible hasta el crecimiento natural del cabello. <strong>alisado brasile\u00f1o<\/strong>, En cuanto a \u00e9l, dura generalmente entre 3 y 5 meses. Su duraci\u00f3n depende de varios factores: tipo de cabello, frecuencia de los lavados y uso de cuidados adecuados como los productos <strong>cuidados posteriores al tratamiento de keratina<\/strong>.<\/p>\n\n\n\n<hr class=\"wp-block-separator has-alpha-channel-opacity\"\/>\n\n\n\n<h3 class=\"wp-block-heading\">\u00bfQu\u00e9 alisado elegir para cabello rizado o encrespado?<\/h3>\n\n\n\n<p class=\"wp-block-paragraph\">R : Para el cabello rizado u ondulado, el <strong>alisado brasile\u00f1o<\/strong> es ideal, ya que permite relajar los rizos manteniendo un efecto natural. Para cabellos muy rizados, espesos o dif\u00edciles de alisar, el <strong>alisado japon\u00e9s<\/strong> suele ser m\u00e1s eficaz porque ofrece un resultado totalmente r\u00edgido. Un buen <strong>diagn\u00f3stico capilar profesional<\/strong> es esencial para elegir la t\u00e9cnica adecuada.<\/p>\n\n\n\n<hr class=\"wp-block-separator has-alpha-channel-opacity\"\/>\n\n\n\n<h3 class=\"wp-block-heading\">\u00bfEl alisado brasile\u00f1o da\u00f1a el cabello?<\/h3>\n\n\n\n<p class=\"wp-block-paragraph\">R: No, cuando se realiza correctamente, el <strong>tratamiento de queratina para el cabello<\/strong> no da\u00f1a el cabello. Al contrario, lo nutre y lo protege gracias a la queratina. Sin embargo, es importante usar productos de calidad y respetar los protocolos profesionales para evitar cualquier efecto indeseado.<\/p>\n\n\n\n<hr class=\"wp-block-separator has-alpha-channel-opacity\"\/>\n\n\n\n<h3 class=\"wp-block-heading\">\u00bfEl alisado japon\u00e9s es adecuado para todo tipo de cabello?<\/h3>\n\n\n\n<p class=\"wp-block-paragraph\">R: Le <strong>alisado japon\u00e9s<\/strong> es muy eficaz, pero no se recomienda en cabellos muy sensibilizados, decolorados o fr\u00e1giles. Dado que esta t\u00e9cnica es m\u00e1s agresiva, requiere un an\u00e1lisis preciso del cabello antes de su aplicaci\u00f3n. Una formaci\u00f3n profesional permite evitar errores y garantizar la seguridad.<\/p>\n\n\n\n<hr class=\"wp-block-separator has-alpha-channel-opacity\"\/>\n\n\n\n<h3 class=\"wp-block-heading\">\u00bfSe puede hacer un alisado en cabello te\u00f1ido?<\/h3>\n\n\n\n<p class=\"wp-block-paragraph\">S\u00ed, la <strong>alisado brasile\u00f1o<\/strong> es compatible con el cabello te\u00f1ido o con mechas. Incluso puede mejorar su apariencia. Por otro lado, el alisado japon\u00e9s debe realizarse con precauci\u00f3n en cabellos tratados qu\u00edmicamente, ya que puede debilitar a\u00fan m\u00e1s la fibra capilar.<\/p>\n\n\n\n<hr class=\"wp-block-separator has-alpha-channel-opacity\"\/>\n\n\n\n<h3 class=\"wp-block-heading\">\u00bfQu\u00e9 mantenimiento despu\u00e9s de un alisado de cabello?<\/h3>\n\n\n\n<p class=\"wp-block-paragraph\">R: Despu\u00e9s de un <strong>tratamiento para alisar el cabello<\/strong>, es esencial adoptar una rutina adecuada:<\/p>\n\n\n\n<ul class=\"wp-block-list\">\n<li>usar un champ\u00fa sin sulfatos<\/li>\n\n\n\n<li>hidratar regularmente con mascarillas<\/li>\n\n\n\n<li>evitar lavados demasiado frecuentes<\/li>\n<\/ul>\n\n\n\n<p class=\"wp-block-paragraph\">Un buen mantenimiento permite prolongar los efectos del alisado y mantener un cabello brillante y sano.<\/p>\n\n\n\n<hr class=\"wp-block-separator has-alpha-channel-opacity\"\/>\n\n\n\n<h3 class=\"wp-block-heading\">\u00bfSe puede lavar o atar el cabello despu\u00e9s de un alisado?<\/h3>\n\n\n\n<p class=\"wp-block-paragraph\">R: Despu\u00e9s de un <strong>alisado brasile\u00f1o<\/strong>, generalmente se recomienda esperar de 24 a 72 horas, dependiendo de los productos utilizados, antes de lavarse o atarse el cabello. Para <strong>alisado japon\u00e9s<\/strong>, las precauciones pueden variar, pero es importante seguir las recomendaciones del profesional para garantizar un resultado \u00f3ptimo.<\/p>\n\n\n\n<hr class=\"wp-block-separator has-alpha-channel-opacity\"\/>\n\n\n\n<h3 class=\"wp-block-heading\">\u00bfCu\u00e1nto cuesta un alisado en sal\u00f3n?<\/h3>\n\n\n\n<p class=\"wp-block-paragraph\">R: El precio de un <strong>alisado profesional de cabello<\/strong> depende de la t\u00e9cnica y la longitud del cabello:<\/p>\n\n\n\n<ul class=\"wp-block-list\">\n<li>Lissage br\u00e9silien : 150 \u20ac \u00e0 400 \u20ac<\/li>\n\n\n\n<li>Alisado japon\u00e9s: 300\u20ac a 800\u20ac<\/li>\n<\/ul>\n\n\n\n<p class=\"wp-block-paragraph\">Estos servicios se consideran servicios premium en el campo de la peluquer\u00eda.<\/p>\n\n\n\n<hr class=\"wp-block-separator has-alpha-channel-opacity\"\/>\n\n\n\n<h3 class=\"wp-block-heading\">\u00bfSe pueden aprender estas t\u00e9cnicas en una formaci\u00f3n?<\/h3>\n\n\n\n<p class=\"wp-block-paragraph\">R: S\u00ed, una <strong>formaci\u00f3n de alisado profesional<\/strong> permite dominar el <strong>tratamiento de queratina<\/strong> y el <strong>alisado japon\u00e9s<\/strong>. Aprender\u00e1s los protocolos, el diagn\u00f3stico capilar y las t\u00e9cnicas de aplicaci\u00f3n para obtener un resultado \u00f3ptimo.<\/p>\n\n\n\n<hr class=\"wp-block-separator has-alpha-channel-opacity\"\/>\n\n\n\n<h3 class=\"wp-block-heading\">\u00bfEs el alisado rentable para un profesional?<\/h3>\n\n\n\n<p class=\"wp-block-paragraph\">S\u00ed, la <strong>negocio de alisado de cabello<\/strong> es muy rentable. Estos servicios tienen mucha demanda y permiten aumentar r\u00e1pidamente la facturaci\u00f3n. Una sola clienta puede generar un servicio de alto valor a\u00f1adido.<\/p>\n\n\n\n<hr class=\"wp-block-separator has-alpha-channel-opacity\"\/>\n\n\n\n<h3 class=\"wp-block-heading\">C\u00f3mo elegir entre el alisado brasile\u00f1o y el japon\u00e9s como profesional<\/h3>\n\n\n\n<p class=\"wp-block-paragraph\">R : Se recomienda ofrecer ambas t\u00e9cnicas en su oferta de <strong>servicios de belleza para el cabello<\/strong>. Esto le permite responder a todas las solicitudes: efecto natural con el alisado brasile\u00f1o o efecto ultra liso con el alisado japon\u00e9s. Esta versatilidad es una verdadera ventaja competitiva.<\/p>\n\n\n\n<hr class=\"wp-block-separator has-alpha-channel-opacity\"\/>\n\n\n\n<h3 class=\"wp-block-heading\">\u00bfSe pueden combinar tratamientos de alisado con otros tratamientos capilares?<\/h3>\n\n\n\n<p class=\"wp-block-paragraph\">S\u00ed, la <strong>tratamiento de queratina<\/strong> Puede combinarse con tratamientos capilares, cortes o extensiones. Esto permite ofrecer servicios completos y aumentar la satisfacci\u00f3n del cliente.<\/p>\n\n\n\n<hr class=\"wp-block-separator has-alpha-channel-opacity\"\/>\n\n\n\n<h2 class=\"wp-block-heading\">Quiz r\u00e1pido: \u00bfconoces las t\u00e9cnicas de alisado?<\/h2>\n\n\n\n<h3 class=\"wp-block-heading\">Pregunta 1<\/h3>\n\n\n\n<p class=\"wp-block-paragraph\">\u00bfQu\u00e9 alisado act\u00faa principalmente como un tratamiento reparador?<\/p>\n\n\n\n<p class=\"wp-block-paragraph\">A. Alisado japon\u00e9s<br>Alisado brasile\u00f1o<\/p>\n\n\n\n<p class=\"wp-block-paragraph\">Respuesta: <strong>B \u2013 Alisado brasile\u00f1o<\/strong><\/p>\n\n\n\n<hr class=\"wp-block-separator has-alpha-channel-opacity\"\/>\n\n\n\n<h3 class=\"wp-block-heading\">Pregunta 2<\/h3>\n\n\n\n<p class=\"wp-block-paragraph\">\u00bfQu\u00e9 alisado da un resultado totalmente liso?<\/p>\n\n\n\n<p class=\"wp-block-paragraph\">A. Alisado brasile\u00f1o<br>B. Alisado japon\u00e9s<\/p>\n\n\n\n<p class=\"wp-block-paragraph\">Respuesta: <strong>B \u2013 Alisado japon\u00e9s<\/strong><\/p>\n\n\n\n<hr class=\"wp-block-separator has-alpha-channel-opacity\"\/>\n\n\n\n<h3 class=\"wp-block-heading\">Pregunta 3<\/h3>\n\n\n\n<p class=\"wp-block-paragraph\">Qu\u00e9 t\u00e9cnica puede durar hasta que el cabello vuelva a crecer.<\/p>\n\n\n\n<p class=\"wp-block-paragraph\">A. Alisado brasile\u00f1o<br>B. Alisado japon\u00e9s<\/p>\n\n\n\n<p class=\"wp-block-paragraph\">Respuesta: <strong>B \u2013 Alisado japon\u00e9s<\/strong><\/p>\n\n\n\n<hr class=\"wp-block-separator has-alpha-channel-opacity\"\/>\n\n\n\n<h2 class=\"wp-block-heading\">Desarrolla tus habilidades de peluquer\u00eda<\/h2>\n\n\n\n<p class=\"wp-block-paragraph\">Le <strong>alisado profesional de cabello<\/strong> es hoy en d\u00eda un servicio muy solicitado y particularmente rentable en el campo de la peluquer\u00eda.<\/p>\n\n\n\n<p class=\"wp-block-paragraph\">Formarse en estas t\u00e9cnicas permite:<\/p>\n\n\n\n<ul class=\"wp-block-list\">\n<li>proponer una prestaci\u00f3n premium<\/li>\n\n\n\n<li>atraer nueva clientela<\/li>\n\n\n\n<li>aumentar su volumen de negocios<\/li>\n\n\n\n<li>desarrollar una actividad en el sector de la belleza<\/li>\n\n\n\n<li><\/li>\n<\/ul>\n\n\n\n<div class=\"wp-block-buttons is-layout-flex wp-block-buttons-is-layout-flex\">\n<div class=\"wp-block-button\"><a class=\"wp-block-button__link wp-element-button\" href=\"https:\/\/www.infini-beaute-institut-lumbres.com\/es\/boutique\/formaciones-a-distancia\/curso-alisado-brasileno-japones\/\">\ud83d\udc49 <strong>Haz clic aqu\u00ed para acceder a nuestra formaci\u00f3n de alisado.<\/strong> en l\u00ednea <br>\u2013 Pagar a plazos con Paypal o Klarna \u2013<\/a><\/div>\n<\/div>\n\n\n\n<hr class=\"wp-block-separator has-alpha-channel-opacity\"\/>\n\n\n\n<h2 class=\"wp-block-heading\">Formaci\u00f3n complementaria: extensiones de cabello<\/h2>\n\n\n\n<p class=\"wp-block-paragraph\">Si desea desarrollar a\u00fan m\u00e1s su negocio de peluquer\u00eda, tambi\u00e9n ofrecemos una <strong>formaci\u00f3n extensi\u00f3n de cabello profesional<\/strong>.<\/p>\n\n\n\n<p class=\"wp-block-paragraph\">Esta formaci\u00f3n te permite aprender:<\/p>\n\n\n\n<ul class=\"wp-block-list\">\n<li>las t\u00e9cnicas de extensiones de cabello<\/li>\n\n\n\n<li>la pose de extensiones profesionales<\/li>\n\n\n\n<li>el mantenimiento de extensiones<\/li>\n\n\n\n<li>consejos para fidelizar a tu clientela<\/li>\n<\/ul>\n\n\n\n<p class=\"wp-block-paragraph\">En <strong>extensiones de cabello<\/strong> son una prestaci\u00f3n muy solicitada y particularmente rentable.<\/p>\n\n\n\n<div class=\"wp-block-buttons is-layout-flex wp-block-buttons-is-layout-flex\">\n<div class=\"wp-block-button\"><a class=\"wp-block-button__link wp-element-button\" href=\"https:\/\/www.infini-beaute-institut-lumbres.com\/es\/boutique\/formaciones-a-distancia\/curso-extensions-cabello-online\/\">\ud83d\udc49 <strong>Haz clic aqu\u00ed para acceder a la formaci\u00f3n de extensiones de cabello<\/strong> en l\u00ednea <br>\u2013 Pagar a plazos con Paypal o Klarna \u2013<\/a><\/div>\n<\/div>\n\n\n\n<p class=\"wp-block-paragraph\">\ud83d\udc49<a href=\"http:\/\/Formation lissage : br\u00e9silien et japonais en ligne\">Haga clic aqu\u00ed para leer nuestro art\u00edculo principal<\/a> <\/p>\n\n\n\n<p class=\"wp-block-paragraph\">Tambi\u00e9n puedes leer: <\/p>\n\n\n\n<ul class=\"wp-block-list\">\n<li><a href=\"https:\/\/www.infini-beaute-institut-lumbres.com\/wp-admin\/post.php?post=31782&amp;action=edit\"><\/a><a href=\"https:\/\/www.infini-beaute-institut-lumbres.com\/es\/noticias\/formacion-alisado-cpf\/\">Formaci\u00f3n alisado CPF: \u00bfes financiable?<\/a><\/li>\n\n\n\n<li><a href=\"https:\/\/www.infini-beaute-institut-lumbres.com\/es\/noticias\/rentabilidad-alisado-brasileno-japones\/\">Rentabilidad alisado brasile\u00f1o y japon\u00e9s: tarifas<\/a><\/li>\n\n\n\n<li><a href=\"https:\/\/www.infini-beaute-institut-lumbres.com\/es\/noticias\/formacion-extensiones-cabello-cpf\/\">Formaci\u00f3n extensiones de cabello CPF: \u00bfes financiable?<\/a><\/li>\n<\/ul>\n\n\n\n<p class=\"wp-block-paragraph\"><\/p>","protected":false},"excerpt":{"rendered":"<p>Lissage br\u00e9silien ou japonais, quelle technique choisir pour obtenir des cheveux lisses, brillants et faciles \u00e0 coiffer ? Ces deux m\u00e9thodes de lissage capillaire font aujourd\u2019hui partie des prestations les plus demand\u00e9es dans les salons de coiffure et les instituts de beaut\u00e9. M\u00eame si leur objectif est similaire, ces techniques fonctionnent de mani\u00e8re diff\u00e9rente et [&hellip;]<\/p>\n","protected":false},"author":4,"featured_media":34641,"comment_status":"closed","ping_status":"closed","sticky":false,"template":"","format":"standard","meta":{"_jf_save_progress":"","footnotes":""},"categories":[1],"tags":[],"class_list":["post-31782","post","type-post","status-publish","format-standard","has-post-thumbnail","hentry","category-blog"],"yoast_head":"<!-- This site is optimized with the Yoast SEO plugin v28.0 - https:\/\/yoast.com\/product\/yoast-seo-wordpress\/ -->\n<title>Lissage Br\u00e9silien ou Japonais : quelle technique choisir ?<\/title>\n<meta name=\"description\" content=\"Apprenez \u00e0 choisir entre lissage br\u00e9silien ou japonais et ma\u00eetrisez les deux techniques gr\u00e2ce \u00e0 notre formation en ligne compl\u00e8te.\" \/>\n<meta name=\"robots\" content=\"index, follow, max-snippet:-1, max-image-preview:large, max-video-preview:-1\" \/>\n<link rel=\"canonical\" href=\"https:\/\/www.infini-beaute-institut-lumbres.com\/es\/noticias\/alisado-brasileno-o-japones\/\" \/>\n<meta property=\"og:locale\" content=\"es_ES\" \/>\n<meta property=\"og:type\" content=\"article\" \/>\n<meta property=\"og:title\" content=\"Lissage Br\u00e9silien ou Japonais : quelle technique choisir ?\" \/>\n<meta property=\"og:description\" content=\"Apprenez \u00e0 choisir entre lissage br\u00e9silien ou japonais et ma\u00eetrisez les deux techniques gr\u00e2ce \u00e0 notre formation en ligne compl\u00e8te.\" \/>\n<meta property=\"og:url\" content=\"https:\/\/www.infini-beaute-institut-lumbres.com\/es\/noticias\/alisado-brasileno-o-japones\/\" \/>\n<meta property=\"og:site_name\" content=\"Infini Beaut\u00e9 \u2014 Institut, spa privatif et centre de formation \u00e0 Lumbres\" \/>\n<meta property=\"article:publisher\" content=\"https:\/\/www.facebook.com\/infini.beaute.lumbres\/\" \/>\n<meta property=\"article:published_time\" content=\"2026-09-05T07:33:00+00:00\" \/>\n<meta property=\"og:image\" content=\"https:\/\/www.infini-beaute-institut-lumbres.com\/wp-content\/uploads\/lissage-bresilien-ou-japonais-1-700x466.png\" \/>\n\t<meta property=\"og:image:width\" content=\"700\" \/>\n\t<meta property=\"og:image:height\" content=\"466\" \/>\n\t<meta property=\"og:image:type\" content=\"image\/png\" \/>\n<meta name=\"author\" content=\"Jennifer Bastien\" \/>\n<meta name=\"twitter:card\" content=\"summary_large_image\" \/>\n<meta name=\"twitter:label1\" content=\"Escrito por\" \/>\n\t<meta name=\"twitter:data1\" content=\"Jennifer Bastien\" \/>\n\t<meta name=\"twitter:label2\" content=\"Tiempo de lectura\" \/>\n\t<meta name=\"twitter:data2\" content=\"9 minutos\" \/>\n<script type=\"application\/ld+json\" class=\"yoast-schema-graph\">{\"@context\":\"https:\\\/\\\/schema.org\",\"@graph\":[{\"@type\":\"Article\",\"@id\":\"https:\\\/\\\/www.infini-beaute-institut-lumbres.com\\\/news\\\/lissage-bresilien-ou-japonais\\\/#article\",\"isPartOf\":{\"@id\":\"https:\\\/\\\/www.infini-beaute-institut-lumbres.com\\\/news\\\/lissage-bresilien-ou-japonais\\\/\"},\"author\":{\"name\":\"Jennifer Bastien\",\"@id\":\"https:\\\/\\\/www.infini-beaute-institut-lumbres.com\\\/#\\\/schema\\\/person\\\/7eecd0d151ccc9edfb47d87abbf80bc3\"},\"headline\":\"Lissage br\u00e9silien ou japonais : quelle technique choisir ?\",\"datePublished\":\"2026-09-05T07:33:00+00:00\",\"mainEntityOfPage\":{\"@id\":\"https:\\\/\\\/www.infini-beaute-institut-lumbres.com\\\/news\\\/lissage-bresilien-ou-japonais\\\/\"},\"wordCount\":1791,\"publisher\":{\"@id\":\"https:\\\/\\\/www.infini-beaute-institut-lumbres.com\\\/#organization\"},\"image\":{\"@id\":\"https:\\\/\\\/www.infini-beaute-institut-lumbres.com\\\/news\\\/lissage-bresilien-ou-japonais\\\/#primaryimage\"},\"thumbnailUrl\":\"https:\\\/\\\/www.infini-beaute-institut-lumbres.com\\\/wp-content\\\/uploads\\\/lissage-bresilien-ou-japonais-1.png\",\"articleSection\":[\"Blog\"],\"inLanguage\":\"es\"},{\"@type\":\"WebPage\",\"@id\":\"https:\\\/\\\/www.infini-beaute-institut-lumbres.com\\\/news\\\/lissage-bresilien-ou-japonais\\\/\",\"url\":\"https:\\\/\\\/www.infini-beaute-institut-lumbres.com\\\/news\\\/lissage-bresilien-ou-japonais\\\/\",\"name\":\"Lissage Br\u00e9silien ou Japonais : quelle technique choisir ?\",\"isPartOf\":{\"@id\":\"https:\\\/\\\/www.infini-beaute-institut-lumbres.com\\\/#website\"},\"primaryImageOfPage\":{\"@id\":\"https:\\\/\\\/www.infini-beaute-institut-lumbres.com\\\/news\\\/lissage-bresilien-ou-japonais\\\/#primaryimage\"},\"image\":{\"@id\":\"https:\\\/\\\/www.infini-beaute-institut-lumbres.com\\\/news\\\/lissage-bresilien-ou-japonais\\\/#primaryimage\"},\"thumbnailUrl\":\"https:\\\/\\\/www.infini-beaute-institut-lumbres.com\\\/wp-content\\\/uploads\\\/lissage-bresilien-ou-japonais-1.png\",\"datePublished\":\"2026-09-05T07:33:00+00:00\",\"description\":\"Apprenez \u00e0 choisir entre lissage br\u00e9silien ou japonais et ma\u00eetrisez les deux techniques gr\u00e2ce \u00e0 notre formation en ligne compl\u00e8te.\",\"breadcrumb\":{\"@id\":\"https:\\\/\\\/www.infini-beaute-institut-lumbres.com\\\/news\\\/lissage-bresilien-ou-japonais\\\/#breadcrumb\"},\"inLanguage\":\"es\",\"potentialAction\":[{\"@type\":\"ReadAction\",\"target\":[\"https:\\\/\\\/www.infini-beaute-institut-lumbres.com\\\/news\\\/lissage-bresilien-ou-japonais\\\/\"]}]},{\"@type\":\"ImageObject\",\"inLanguage\":\"es\",\"@id\":\"https:\\\/\\\/www.infini-beaute-institut-lumbres.com\\\/news\\\/lissage-bresilien-ou-japonais\\\/#primaryimage\",\"url\":\"https:\\\/\\\/www.infini-beaute-institut-lumbres.com\\\/wp-content\\\/uploads\\\/lissage-bresilien-ou-japonais-1.png\",\"contentUrl\":\"https:\\\/\\\/www.infini-beaute-institut-lumbres.com\\\/wp-content\\\/uploads\\\/lissage-bresilien-ou-japonais-1.png\",\"width\":1264,\"height\":842,\"caption\":\"lissage br\u00e9silien ou japonais\"},{\"@type\":\"BreadcrumbList\",\"@id\":\"https:\\\/\\\/www.infini-beaute-institut-lumbres.com\\\/news\\\/lissage-bresilien-ou-japonais\\\/#breadcrumb\",\"itemListElement\":[{\"@type\":\"ListItem\",\"position\":1,\"name\":\"Accueil\",\"item\":\"https:\\\/\\\/www.infini-beaute-institut-lumbres.com\\\/\"},{\"@type\":\"ListItem\",\"position\":2,\"name\":\"lissage br\u00e9silien ou japonais\"}]},{\"@type\":\"WebSite\",\"@id\":\"https:\\\/\\\/www.infini-beaute-institut-lumbres.com\\\/#website\",\"url\":\"https:\\\/\\\/www.infini-beaute-institut-lumbres.com\\\/\",\"name\":\"Infini Beaut\u00e9 \u2014 Institut, spa privatif et centre de formation \u00e0 Lumbres\",\"description\":\"\",\"publisher\":{\"@id\":\"https:\\\/\\\/www.infini-beaute-institut-lumbres.com\\\/#organization\"},\"alternateName\":\"Infini Beaut\u00e9\",\"potentialAction\":[{\"@type\":\"SearchAction\",\"target\":{\"@type\":\"EntryPoint\",\"urlTemplate\":\"https:\\\/\\\/www.infini-beaute-institut-lumbres.com\\\/?s={search_term_string}\"},\"query-input\":{\"@type\":\"PropertyValueSpecification\",\"valueRequired\":true,\"valueName\":\"search_term_string\"}}],\"inLanguage\":\"es\"},{\"@type\":\"Organization\",\"@id\":\"https:\\\/\\\/www.infini-beaute-institut-lumbres.com\\\/#organization\",\"name\":\"Infini Beaut\u00e9 \u2014 Institut, spa privatif et centre de formation \u00e0 Lumbres\",\"alternateName\":\"Infini Beaut\u00e9\",\"url\":\"https:\\\/\\\/www.infini-beaute-institut-lumbres.com\\\/\",\"logo\":{\"@type\":\"ImageObject\",\"inLanguage\":\"es\",\"@id\":\"https:\\\/\\\/www.infini-beaute-institut-lumbres.com\\\/#\\\/schema\\\/logo\\\/image\\\/\",\"url\":\"https:\\\/\\\/www.infini-beaute-institut-lumbres.com\\\/wp-content\\\/uploads\\\/logo-infini-beaute.png\",\"contentUrl\":\"https:\\\/\\\/www.infini-beaute-institut-lumbres.com\\\/wp-content\\\/uploads\\\/logo-infini-beaute.png\",\"width\":250,\"height\":250,\"caption\":\"Infini Beaut\u00e9 \u2014 Institut, spa privatif et centre de formation \u00e0 Lumbres\"},\"image\":{\"@id\":\"https:\\\/\\\/www.infini-beaute-institut-lumbres.com\\\/#\\\/schema\\\/logo\\\/image\\\/\"},\"sameAs\":[\"https:\\\/\\\/www.facebook.com\\\/infini.beaute.lumbres\\\/\",\"https:\\\/\\\/www.instagram.com\\\/infinibeaute.institut\\\/\",\"https:\\\/\\\/www.instagram.com\\\/infinibeaute.formation\\\/\"]},{\"@type\":\"Person\",\"@id\":\"https:\\\/\\\/www.infini-beaute-institut-lumbres.com\\\/#\\\/schema\\\/person\\\/7eecd0d151ccc9edfb47d87abbf80bc3\",\"name\":\"Jennifer Bastien\",\"url\":\"https:\\\/\\\/www.infini-beaute-institut-lumbres.com\\\/es\\\/news\\\/author\\\/jennifer-bastien62\\\/\"}]}<\/script>\n<!-- \/ Yoast SEO plugin. -->","yoast_head_json":{"title":"Alisado brasile\u00f1o o japon\u00e9s: cu\u00e1l elegir","description":"Descubre las diferencias entre alisado brasile\u00f1o y japon\u00e9s y aprende ambas t\u00e9cnicas online.","robots":{"index":"index","follow":"follow","max-snippet":"max-snippet:-1","max-image-preview":"max-image-preview:large","max-video-preview":"max-video-preview:-1"},"canonical":"https:\/\/www.infini-beaute-institut-lumbres.com\/es\/noticias\/alisado-brasileno-o-japones\/","og_locale":"es_ES","og_type":"article","og_title":"Lissage Br\u00e9silien ou Japonais : quelle technique choisir ?","og_description":"Apprenez \u00e0 choisir entre lissage br\u00e9silien ou japonais et ma\u00eetrisez les deux techniques gr\u00e2ce \u00e0 notre formation en ligne compl\u00e8te.","og_url":"https:\/\/www.infini-beaute-institut-lumbres.com\/es\/noticias\/alisado-brasileno-o-japones\/","og_site_name":"Infini Beaut\u00e9 \u2014 Institut, spa privatif et centre de formation \u00e0 Lumbres","article_publisher":"https:\/\/www.facebook.com\/infini.beaute.lumbres\/","article_published_time":"2026-09-05T07:33:00+00:00","og_image":[{"width":700,"height":466,"url":"https:\/\/www.infini-beaute-institut-lumbres.com\/wp-content\/uploads\/lissage-bresilien-ou-japonais-1-700x466.png","type":"image\/png"}],"author":"Jennifer Bastien","twitter_card":"summary_large_image","twitter_misc":{"Escrito por":"Jennifer Bastien","Tiempo de lectura":"9 minutos"},"schema":{"@context":"https:\/\/schema.org","@graph":[{"@type":"Article","@id":"https:\/\/www.infini-beaute-institut-lumbres.com\/news\/lissage-bresilien-ou-japonais\/#article","isPartOf":{"@id":"https:\/\/www.infini-beaute-institut-lumbres.com\/news\/lissage-bresilien-ou-japonais\/"},"author":{"name":"Jennifer Bastien","@id":"https:\/\/www.infini-beaute-institut-lumbres.com\/#\/schema\/person\/7eecd0d151ccc9edfb47d87abbf80bc3"},"headline":"Lissage br\u00e9silien ou japonais : quelle technique choisir ?","datePublished":"2026-09-05T07:33:00+00:00","mainEntityOfPage":{"@id":"https:\/\/www.infini-beaute-institut-lumbres.com\/news\/lissage-bresilien-ou-japonais\/"},"wordCount":1791,"publisher":{"@id":"https:\/\/www.infini-beaute-institut-lumbres.com\/#organization"},"image":{"@id":"https:\/\/www.infini-beaute-institut-lumbres.com\/news\/lissage-bresilien-ou-japonais\/#primaryimage"},"thumbnailUrl":"https:\/\/www.infini-beaute-institut-lumbres.com\/wp-content\/uploads\/lissage-bresilien-ou-japonais-1.png","articleSection":["Blog"],"inLanguage":"es"},{"@type":"WebPage","@id":"https:\/\/www.infini-beaute-institut-lumbres.com\/news\/lissage-bresilien-ou-japonais\/","url":"https:\/\/www.infini-beaute-institut-lumbres.com\/news\/lissage-bresilien-ou-japonais\/","name":"Alisado brasile\u00f1o o japon\u00e9s: cu\u00e1l elegir","isPartOf":{"@id":"https:\/\/www.infini-beaute-institut-lumbres.com\/#website"},"primaryImageOfPage":{"@id":"https:\/\/www.infini-beaute-institut-lumbres.com\/news\/lissage-bresilien-ou-japonais\/#primaryimage"},"image":{"@id":"https:\/\/www.infini-beaute-institut-lumbres.com\/news\/lissage-bresilien-ou-japonais\/#primaryimage"},"thumbnailUrl":"https:\/\/www.infini-beaute-institut-lumbres.com\/wp-content\/uploads\/lissage-bresilien-ou-japonais-1.png","datePublished":"2026-09-05T07:33:00+00:00","description":"Descubre las diferencias entre alisado brasile\u00f1o y japon\u00e9s y aprende ambas t\u00e9cnicas online.","breadcrumb":{"@id":"https:\/\/www.infini-beaute-institut-lumbres.com\/news\/lissage-bresilien-ou-japonais\/#breadcrumb"},"inLanguage":"es","potentialAction":[{"@type":"ReadAction","target":["https:\/\/www.infini-beaute-institut-lumbres.com\/news\/lissage-bresilien-ou-japonais\/"]}]},{"@type":"ImageObject","inLanguage":"es","@id":"https:\/\/www.infini-beaute-institut-lumbres.com\/news\/lissage-bresilien-ou-japonais\/#primaryimage","url":"https:\/\/www.infini-beaute-institut-lumbres.com\/wp-content\/uploads\/lissage-bresilien-ou-japonais-1.png","contentUrl":"https:\/\/www.infini-beaute-institut-lumbres.com\/wp-content\/uploads\/lissage-bresilien-ou-japonais-1.png","width":1264,"height":842,"caption":"lissage br\u00e9silien ou japonais"},{"@type":"BreadcrumbList","@id":"https:\/\/www.infini-beaute-institut-lumbres.com\/news\/lissage-bresilien-ou-japonais\/#breadcrumb","itemListElement":[{"@type":"ListItem","position":1,"name":"Accueil","item":"https:\/\/www.infini-beaute-institut-lumbres.com\/"},{"@type":"ListItem","position":2,"name":"lissage br\u00e9silien ou japonais"}]},{"@type":"WebSite","@id":"https:\/\/www.infini-beaute-institut-lumbres.com\/#website","url":"https:\/\/www.infini-beaute-institut-lumbres.com\/","name":"Infini Beaut\u00e9 \u2014 Instituto, spa privado y centro de formaci\u00f3n en Lumbres","description":"","publisher":{"@id":"https:\/\/www.infini-beaute-institut-lumbres.com\/#organization"},"alternateName":"Infini Beaut\u00e9","potentialAction":[{"@type":"SearchAction","target":{"@type":"EntryPoint","urlTemplate":"https:\/\/www.infini-beaute-institut-lumbres.com\/?s={search_term_string}"},"query-input":{"@type":"PropertyValueSpecification","valueRequired":true,"valueName":"search_term_string"}}],"inLanguage":"es"},{"@type":"Organization","@id":"https:\/\/www.infini-beaute-institut-lumbres.com\/#organization","name":"Infini Beaut\u00e9 \u2014 Instituto, spa privado y centro de formaci\u00f3n en Lumbres","alternateName":"Infini Beaut\u00e9","url":"https:\/\/www.infini-beaute-institut-lumbres.com\/","logo":{"@type":"ImageObject","inLanguage":"es","@id":"https:\/\/www.infini-beaute-institut-lumbres.com\/#\/schema\/logo\/image\/","url":"https:\/\/www.infini-beaute-institut-lumbres.com\/wp-content\/uploads\/logo-infini-beaute.png","contentUrl":"https:\/\/www.infini-beaute-institut-lumbres.com\/wp-content\/uploads\/logo-infini-beaute.png","width":250,"height":250,"caption":"Infini Beaut\u00e9 \u2014 Institut, spa privatif et centre de formation \u00e0 Lumbres"},"image":{"@id":"https:\/\/www.infini-beaute-institut-lumbres.com\/#\/schema\/logo\/image\/"},"sameAs":["https:\/\/www.facebook.com\/infini.beaute.lumbres\/","https:\/\/www.instagram.com\/infinibeaute.institut\/","https:\/\/www.instagram.com\/infinibeaute.formation\/"]},{"@type":"Person","@id":"https:\/\/www.infini-beaute-institut-lumbres.com\/#\/schema\/person\/7eecd0d151ccc9edfb47d87abbf80bc3","name":"Jennifer Bastien","url":"https:\/\/www.infini-beaute-institut-lumbres.com\/es\/news\/author\/jennifer-bastien62\/"}]}},"_links":{"self":[{"href":"https:\/\/www.infini-beaute-institut-lumbres.com\/es\/wp-json\/wp\/v2\/posts\/31782","targetHints":{"allow":["GET"]}}],"collection":[{"href":"https:\/\/www.infini-beaute-institut-lumbres.com\/es\/wp-json\/wp\/v2\/posts"}],"about":[{"href":"https:\/\/www.infini-beaute-institut-lumbres.com\/es\/wp-json\/wp\/v2\/types\/post"}],"author":[{"embeddable":true,"href":"https:\/\/www.infini-beaute-institut-lumbres.com\/es\/wp-json\/wp\/v2\/users\/4"}],"replies":[{"embeddable":true,"href":"https:\/\/www.infini-beaute-institut-lumbres.com\/es\/wp-json\/wp\/v2\/comments?post=31782"}],"version-history":[{"count":3,"href":"https:\/\/www.infini-beaute-institut-lumbres.com\/es\/wp-json\/wp\/v2\/posts\/31782\/revisions"}],"predecessor-version":[{"id":37522,"href":"https:\/\/www.infini-beaute-institut-lumbres.com\/es\/wp-json\/wp\/v2\/posts\/31782\/revisions\/37522"}],"wp:featuredmedia":[{"embeddable":true,"href":"https:\/\/www.infini-beaute-institut-lumbres.com\/es\/wp-json\/wp\/v2\/media\/34641"}],"wp:attachment":[{"href":"https:\/\/www.infini-beaute-institut-lumbres.com\/es\/wp-json\/wp\/v2\/media?parent=31782"}],"wp:term":[{"taxonomy":"category","embeddable":true,"href":"https:\/\/www.infini-beaute-institut-lumbres.com\/es\/wp-json\/wp\/v2\/categories?post=31782"},{"taxonomy":"post_tag","embeddable":true,"href":"https:\/\/www.infini-beaute-institut-lumbres.com\/es\/wp-json\/wp\/v2\/tags?post=31782"}],"curies":[{"name":"wp","href":"https:\/\/api.w.org\/{rel}","templated":true}]}}